{"id":326,"date":"2025-03-25T14:17:35","date_gmt":"2025-03-25T13:17:35","guid":{"rendered":"http:\/\/www.ciecongo.com\/?p=326"},"modified":"2025-03-25T14:17:35","modified_gmt":"2025-03-25T13:17:35","slug":"biodiversite-le-congo-accelere-les-preparatifs-du-premier-congres-des-peuples-autochtones-des-forets-tropicales","status":"publish","type":"post","link":"http:\/\/www.ciecongo.com\/index.php\/2025\/03\/25\/biodiversite-le-congo-accelere-les-preparatifs-du-premier-congres-des-peuples-autochtones-des-forets-tropicales\/","title":{"rendered":"Biodiversit\u00e9 : le Congo acc\u00e9l\u00e8re les pr\u00e9paratifs du premier congr\u00e8s des peuples autochtones des for\u00eats tropicales"},"content":{"rendered":"\n<p><strong>L&rsquo;ambassadeur du Forum international sur les peuples autochtones d&rsquo;Afrique centrale \u00e0 la Communaut\u00e9 \u00e9conomique des \u00c9tats de l&rsquo;Afrique centrale (Fipac\/CEEAC), Kapupu Diwa, a \u00e9t\u00e9 re\u00e7u en audience, le 5 mars \u00e0 Brazzaville, par la ministre Arlette Soudan-Nonault charg\u00e9e de l&rsquo;Environnement, du D\u00e9veloppement durable et du Bassin du Congo. Les deux personnalit\u00e9s ont planch\u00e9 sur les pr\u00e9paratifs de l&rsquo;organisation du premier congr\u00e8s des peuples autochtones des for\u00eats tropicales de trois grands bassins mondiaux.<\/strong><\/p>\n\n\n\n<p><img decoding=\"async\" alt=\"\" src=\"https:\/\/www.adiac-congo.com\/sites\/default\/files\/img_20250305_135053_875_fileminimizer.jpg\">L\u2019\u00e9v\u00e8nement r\u00e9unira les repr\u00e9sentants des communaut\u00e9s autochtones vivant au c\u0153ur des for\u00eats amazoniennes, du Bassin du Congo et de l&rsquo;Asie du sud-est, notamment ceux des for\u00eats de Born\u00e9o M\u00e9kong. Apr\u00e8s la tenue du premier forum, du 10 au 15 avril 2007 \u00e0&nbsp;Impfondo, sous la d\u00e9nomination de forum international des peuples autochtones d&rsquo;Afrique centrale et du &#8230; <a href=\"https:\/\/www.adiac-congo.com\/content\/biodiversite-le-congo-accelere-les-preparatifs-du-premier-congres-des-peuples-autochtones\">Lire la suite<\/a><\/p>\n\n\n\n<hr class=\"wp-block-separator has-alpha-channel-opacity\"\/>\n\n\n\n<p>Environnement<\/p>\n\n\n\n<h3 class=\"wp-block-heading\"><a href=\"https:\/\/www.adiac-congo.com\/content\/journee-africaine-de-lenvironnement-le-congo-se-propose-de-mieux-gerer-ses-ressources\">Journ\u00e9e africaine de l\u2019environnement : le Congo se propose de mieux g\u00e9rer ses ressources naturelles pour les g\u00e9n\u00e9rations futures<\/a><\/h3>\n\n\n\n<p>Lundi 3 Mars 2025 &#8211; 18:30<\/p>\n\n\n\n<p><strong>A l\u2019occasion de la comm\u00e9moration, le 3 mars&nbsp;\u00e0 Brazzaville, de la Journ\u00e9e africaine de l\u2019environnement, la ministre Arlette Soudan-Nonault,&nbsp;de l\u2019Environnement, du Bassin du Congo et du D\u00e9veloppement durable, a demand\u00e9 aux pouvoirs publics, aux op\u00e9rateurs \u00e9conomiques, aux responsables de la soci\u00e9t\u00e9 civile et \u00e0 la population&nbsp;de faire preuve du sens des responsabilit\u00e9s dans la gestion des ressources naturelles que nous avons en commun avec les g\u00e9n\u00e9rations futures.<\/strong><\/p>\n\n\n\n<p><img decoding=\"async\" alt=\"\" src=\"https:\/\/www.adiac-congo.com\/sites\/default\/files\/dsc_8951_fileminimizer_0.jpg\">La journ\u00e9e a \u00e9t\u00e9 institu\u00e9e en 2002 par l\u2019Organisation de l\u2019unit\u00e9 africaine afin de sensibiliser le public aux enjeux et d\u00e9fis environnementaux urgents auxquels le continent africain est confront\u00e9. Depuis 2012, \u00e0 l\u2019initiative conjointe du&nbsp;pr\u00e9sident Denis Sassou N\u2019Guesso et de son homologue k\u00e9nyan, l&rsquo;\u00e9v\u00e9nement est c\u00e9l\u00e9br\u00e9 conjointement avec la Journ\u00e9e \u00ab Wangari-Maathai\u00bb afin de &#8230; <a href=\"https:\/\/www.adiac-congo.com\/content\/journee-africaine-de-lenvironnement-le-congo-se-propose-de-mieux-gerer-ses-ressources\">Lire la suite<\/a><\/p>\n\n\n\n<hr class=\"wp-block-separator has-alpha-channel-opacity\"\/>\n\n\n\n<p>Environnement<\/p>\n\n\n\n<h3 class=\"wp-block-heading\"><a href=\"https:\/\/www.adiac-congo.com\/content\/parc-national-de-ntokou-pikounda-les-parties-prenantes-elaborent-les-strategies-de-gestion\">Parc national de Ntokou-Pikounda : les parties prenantes \u00e9laborent les strat\u00e9gies de gestion durable<\/a><\/h3>\n\n\n\n<p>Samedi 1 Mars 2025 &#8211; 16:56<\/p>\n\n\n\n<p><strong>Le conseiller \u00e0 la biodiversit\u00e9 et \u00e0 la lutte anti-braconnage du minist\u00e8re de l&rsquo;\u00c9conomie foresti\u00e8re, Roger Mbete, a pr\u00e9sid\u00e9, du 26 au 27 f\u00e9vrier \u00e0 Brazzaville, les travaux de l&rsquo;atelier d&rsquo;engagement des parties prenantes pour la mise en \u0153uvre du Programme du Fonds paysager biodiversifi\u00e9 pour le bassin du Congo occidental.<\/strong><\/p>\n\n\n\n<p><img decoding=\"async\" alt=\"\" src=\"https:\/\/www.adiac-congo.com\/sites\/default\/files\/ntokou-pikounda-_779605.jpg\">L\u2019atelier&nbsp;a permis aux participants d\u2019\u00e9changer sur les d\u00e9fis du bassin du Congo occidental et d\u2019\u00e9laborer des strat\u00e9gies de gestion durable adapt\u00e9es aux r\u00e9alit\u00e9s locales des communaut\u00e9s en g\u00e9n\u00e9ral et en particulier \u00e0 ceux des communaut\u00e9s vivant au parc national de Ntokou-Pikounda.<\/p>\n\n\n\n<p>Le directeur r\u00e9gional de la Zoological society of London (ZSL) pour l&rsquo;Afrique centrale et de l&rsquo;Ouest, Andrew Fowler, a mis en exergue l&rsquo;importance de la collaboration entre le gouvernement congolais et la ZSL. Il a soulign\u00e9 les enjeux li\u00e9s \u00e0 la gestion &#8230; <a href=\"https:\/\/www.adiac-congo.com\/content\/parc-national-de-ntokou-pikounda-les-parties-prenantes-elaborent-les-strategies-de-gestion\">Lire la suite<\/a><\/p>\n\n\n\n<hr class=\"wp-block-separator has-alpha-channel-opacity\"\/>\n\n\n\n<p>Environnement<\/p>\n\n\n\n<h3 class=\"wp-block-heading\"><a href=\"https:\/\/www.adiac-congo.com\/content\/owando-une-procedure-judiciaire-ouverte-lencontre-de-deux-personnes-en-possession-dune-peau\">Owando : une proc\u00e9dure judiciaire ouverte \u00e0 l\u2019encontre de deux personnes en possession d\u2019une peau de panth\u00e8re<\/a><\/h3>\n\n\n\n<p>Mercredi 26 F\u00e9vrier 2025 &#8211; 20:00<\/p>\n\n\n\n<p><strong>Les services de gendarmerie<\/strong> <strong>ont interpell\u00e9, le 24 f\u00e9vrier \u00e0 Owando,<\/strong> <strong>dans le d\u00e9partement de la Cuvette, deux pr\u00e9sum\u00e9s d\u00e9linquants des produits fauniques \u00e2g\u00e9s de plus de quarante ans pour <\/strong><strong>abattage d\u2019une panth\u00e8re et d\u2019un pangolin g\u00e9ant.<\/strong><\/p>\n\n\n\n<p>Les deux hommes de nationalit\u00e9 congolaise provenaient de la ville de Makoua pour celle d\u2019Owando avec une peau de panth\u00e8re et un sac d\u2019\u00e9cailles de pangolin g\u00e9ant, esp\u00e8ce animale&nbsp;int\u00e9gralement prot\u00e9g\u00e9e&nbsp;par la loi au Congo.<\/p>\n\n\n\n<p>Selon les services de gendarmerie&nbsp;en poste \u00e0 Owando, en collaboration avec les agents de la direction d\u00e9partementale de l\u2019Economie foresti\u00e8re b\u00e9n\u00e9ficiant de l\u2019appui technique du Projet d\u2019appui \u00e0 l\u2019application de la loi sur la faune sauvage, les deux individus ont reconnu les faits qui leur sont reproch\u00e9s, \u00e0 savoir&nbsp;l\u2019abattage d\u2019une panth\u00e8re et d\u2019un pangolin g\u00e9ant.<\/p>\n","protected":false},"excerpt":{"rendered":"<p>L&rsquo;ambassadeur du Forum international sur les peuples autochtones d&rsquo;Afrique centrale \u00e0 la Communaut\u00e9 \u00e9conomique des \u00c9tats de l&rsquo;Afrique centrale (Fipac\/CEEAC), Kapupu Diwa, a \u00e9t\u00e9 re\u00e7u en audience, le 5 mars \u00e0 Brazzaville, par la ministre Arlette Soudan-Nonault charg\u00e9e de l&rsquo;Environnement, du D\u00e9veloppement durable et du Bassin du Congo. Les deux personnalit\u00e9s ont planch\u00e9 sur les [&hellip;]<\/p>\n","protected":false},"author":1,"featured_media":0,"comment_status":"open","ping_status":"open","sticky":false,"template":"","format":"standard","meta":{"saved_in_kubio":false,"footnotes":""},"categories":[1],"tags":[],"class_list":["post-326","post","type-post","status-publish","format-standard","hentry","category-non-classe"],"_links":{"self":[{"href":"http:\/\/www.ciecongo.com\/index.php\/wp-json\/wp\/v2\/posts\/326","targetHints":{"allow":["GET"]}}],"collection":[{"href":"http:\/\/www.ciecongo.com\/index.php\/wp-json\/wp\/v2\/posts"}],"about":[{"href":"http:\/\/www.ciecongo.com\/index.php\/wp-json\/wp\/v2\/types\/post"}],"author":[{"embeddable":true,"href":"http:\/\/www.ciecongo.com\/index.php\/wp-json\/wp\/v2\/users\/1"}],"replies":[{"embeddable":true,"href":"http:\/\/www.ciecongo.com\/index.php\/wp-json\/wp\/v2\/comments?post=326"}],"version-history":[{"count":1,"href":"http:\/\/www.ciecongo.com\/index.php\/wp-json\/wp\/v2\/posts\/326\/revisions"}],"predecessor-version":[{"id":327,"href":"http:\/\/www.ciecongo.com\/index.php\/wp-json\/wp\/v2\/posts\/326\/revisions\/327"}],"wp:attachment":[{"href":"http:\/\/www.ciecongo.com\/index.php\/wp-json\/wp\/v2\/media?parent=326"}],"wp:term":[{"taxonomy":"category","embeddable":true,"href":"http:\/\/www.ciecongo.com\/index.php\/wp-json\/wp\/v2\/categories?post=326"},{"taxonomy":"post_tag","embeddable":true,"href":"http:\/\/www.ciecongo.com\/index.php\/wp-json\/wp\/v2\/tags?post=326"}],"curies":[{"name":"wp","href":"https:\/\/api.w.org\/{rel}","templated":true}]}}