{"id":1,"date":"2025-03-25T10:13:46","date_gmt":"2025-03-25T09:13:46","guid":{"rendered":"http:\/\/www.ciecongo.com\/?p=1"},"modified":"2025-03-25T14:16:20","modified_gmt":"2025-03-25T13:16:20","slug":"bonjour-tout-le-monde","status":"publish","type":"post","link":"http:\/\/www.ciecongo.com\/index.php\/2025\/03\/25\/bonjour-tout-le-monde\/","title":{"rendered":"Bonjour tout le monde\u00a0!"},"content":{"rendered":"\n<p><a href=\"https:\/\/www.adiac-congo.com\/content\/environnement-une-reflexion-collective-sur-la-gestion-des-dechets-solides-brazzaville-et\">Environnement : une r\u00e9flexion collective sur la gestion des d\u00e9chets solides \u00e0 Brazzaville et \u00e0 Pointe-Noire<\/a>!<\/p>\n\n\n\n<p>Vendredi 21 Mars 2025 &#8211; 12:45<\/p>\n\n\n\n<p><strong>La pr\u00e9sidente du Conseil \u00e9conomique, social&nbsp;et environnemental (CESE), \u00c9milienne Raoul, a pr\u00e9sid\u00e9, le 20 mars \u00e0 Brazzaville, la c\u00e9r\u00e9monie de&nbsp;lancement des travaux de la rencontre citoyenne sur&nbsp;le th\u00e8me&nbsp;<em>\u00ab&nbsp;Quelles strat\u00e9gies durables \u00e0 mettre en place par les pouvoirs publics pour une gestion efficace des d\u00e9chets solides ?&nbsp;\u00bb.<\/em><\/strong><\/p>\n\n\n\n<p><img decoding=\"async\" alt=\"\" src=\"https:\/\/www.adiac-congo.com\/sites\/default\/files\/dordure.jpg\">La rencontre citoyenne va instaurer un dialogue constructif entre les parties prenantes du secteur et la soci\u00e9t\u00e9 civile afin de reconsid\u00e9rer la situation actuelle de crise dans la gestion des d\u00e9chets et d&rsquo;imaginer des m\u00e9canismes innovants, efficaces, \u00e9conomiques et int\u00e9gr\u00e9s. Du 20 au 21 mars, elle a rassembl\u00e9&nbsp;les acteurs de la soci\u00e9t\u00e9 civile, les d\u00e9l\u00e9gu\u00e9s des institutions publiques, les experts en environnement, les repr\u00e9sentants des collectivit\u00e9s locales, les citoyens engag\u00e9s ainsi que les partenaires internationaux impliqu\u00e9s &#8230; <a href=\"https:\/\/www.adiac-congo.com\/content\/environnement-une-reflexion-collective-sur-la-gestion-des-dechets-solides-brazzaville-et\">Lire la suite<\/a><\/p>\n\n\n\n<hr class=\"wp-block-separator has-alpha-channel-opacity\"\/>\n\n\n\n<p>Environnement<\/p>\n\n\n\n<h3 class=\"wp-block-heading\"><a href=\"https:\/\/www.adiac-congo.com\/content\/bassin-du-congo-le-congo-et-le-pnue-se-joignent-pour-proteger-les-tourbieres-163535\">Bassin du Congo : le Congo et le PNUE se joignent pour prot\u00e9ger les tourbi\u00e8res<\/a><\/h3>\n\n\n\n<p>Mercredi 19 Mars 2025 &#8211; 15:00<\/p>\n\n\n\n<p><strong>La ministre de l&rsquo;Environnement, du D\u00e9veloppement durable et du Bassin du Congo (MEDDBC), coordinatrice ex\u00e9cutive de la Commission climat du bassin du Congo (CCBC), Arlette Soudan-Nonault, a accord\u00e9, le 17 mars \u00e0 Brazzaville, une audience \u00e0 Juan Carlos Vasquez Murillo, chef de l&rsquo;unit\u00e9 biodiversit\u00e9, populations et les paysages au Programme des Nations unies pour l\u2019environnement (PNUE), bas\u00e9 \u00e0&nbsp;Nairobi, afin d\u2019\u00e9changer sur les initiatives valorisantes des tourbi\u00e8res et la biodiversit\u00e9 du bassin du Congo en Afrique et celles de l&rsquo;Amazonie en Am\u00e9rique latine et la Conf\u00e9rence des parties (COP 30) \u00e0 Bel\u00e9m,&nbsp;au Br\u00e9sil.&nbsp;<\/strong><\/p>\n\n\n\n<ul class=\"wp-block-list\">\n<li><a href=\"https:\/\/www.adiac-congo.com\/rubrique\/societe\">Soci\u00e9t\u00e9<\/a><\/li>\n\n\n\n<li><a href=\"https:\/\/www.adiac-congo.com\/rubrique\/environnement\">Environnement<\/a><\/li>\n<\/ul>\n\n\n\n<h1 class=\"wp-block-heading\">D\u00e9veloppement durable : les deux Congo et le Pnue s\u2019activent pour conserver la biodiversit\u00e9<\/h1>\n\n\n\n<p>Vendredi 14 Mars 2025 &#8211; 23:00<\/p>\n\n\n\n<p><a href=\"https:\/\/www.adiac-congo.com\/content\/sabonner\"><\/a><\/p>\n\n\n\n<p><a href=\"https:\/\/www.adiac-congo.com\/content\/sabonner\">Abonnez-vous<\/a><\/p>\n\n\n\n<ul class=\"wp-block-list\">\n<li><a href=\"https:\/\/www.adiac-congo.com\/content\/developpement-durable-les-deux-congo-et-le-pnue-sactivent-pour-conserver-la-biodiversite#\"><\/a><\/li>\n\n\n\n<li><a href=\"https:\/\/www.adiac-congo.com\/content\/developpement-durable-les-deux-congo-et-le-pnue-sactivent-pour-conserver-la-biodiversite#\"><\/a><\/li>\n<\/ul>\n\n\n\n<p>Current Size: 100%<\/p>\n\n\n\n<p><a href=\"https:\/\/www.adiac-congo.com\/print\/content\/developpement-durable-les-deux-congo-et-le-pnue-sactivent-pour-conserver-la-biodiversite\"><\/a><\/p>\n\n\n\n<p>Partager :<\/p>\n\n\n\n<p>https:\/\/www.facebook.com\/plugins\/like.php?locale=fr_FR&#038;href=https%3A\/\/www.adiac-congo.com\/content\/developpement-durable-les-deux-congo-et-le-pnue-sactivent-pour-conserver-la-biodiversite&#038;send=false&#038;layout=button_count&#038;width=88&#038;show_faces=true&#038;action=like&#038;colorscheme=light&#038;font=&#038;height=21&#038;appId=<\/p>\n\n\n\n<p>https:\/\/platform.twitter.com\/widgets\/tweet_button.2f70fb173b9000da126c79afe2098f02.fr.html#dnt=true&#038;id=twitter-widget-1&#038;lang=fr&#038;original_referer=https%3A%2F%2Fwww.adiac-congo.com%2Fcontent%2Fdeveloppement-durable-les-deux-congo-et-le-pnue-sactivent-pour-conserver-la-biodiversite&#038;related=%3ACheck%20it%20out!&#038;size=m&#038;text=D%C3%A9veloppement%20durable%20%3A%20les%20deux%20Congo%20et%20le%20Pnue%20s%E2%80%99activent%20pour%20conserver%20la%20biodiversit%C3%A9&#038;time=1742908538326&#038;type=share&#038;url=https%3A%2F%2Fwww.adiac-congo.com%2Fcontent%2Fdeveloppement-durable-les-deux-congo-et-le-pnue-sactivent-pour-conserver-la-biodiversite<\/p>\n\n\n\n<p>https:\/\/apis.google.com\/u\/0\/se\/0\/_\/+1\/fastbutton?usegapi=1&#038;size=medium&#038;annotation=bubble&#038;origin=https%3A%2F%2Fwww.adiac-congo.com&#038;url=https%3A%2F%2Fwww.adiac-congo.com%2Fcontent%2Fdeveloppement-durable-les-deux-congo-et-le-pnue-sactivent-pour-conserver-la-biodiversite&#038;gsrc=3p&#038;ic=1&#038;jsh=m%3B%2F_%2Fscs%2Fabc-static%2F_%2Fjs%2Fk%3Dgapi.lb.fr.C-HYd4XEQj8.O%2Fd%3D1%2Frs%3DAHpOoo_9b5JNWPT9T-d8lxlv0ELW9owQ1A%2Fm%3D__features__#_methods=onPlusOne%2C_ready%2C_close%2C_open%2C_resizeMe%2C_renderstart%2Concircled%2Cdrefresh%2Cerefresh%2Conload&#038;id=I0_1742908537909&#038;_gfid=I0_1742908537909&#038;parent=https%3A%2F%2Fwww.adiac-congo.com&#038;pfname=&#038;rpctoken=32832847<\/p>\n\n\n\n<p><strong>Le minist\u00e8re de l&rsquo;Environnement, du D\u00e9veloppement durable et du Bassin du Congo (MEDDBC), en partenariat avec le Programme des Nations unies pour l&rsquo;environnement (Pnue), a organis\u00e9, du 13 au 14 mars \u00e0 Brazzaville, un atelier consultatif des parties prenantes du projet&nbsp;<em>\u00ab&nbsp;S\u00e9curiser les r\u00e9serves cruciales de biodiversit\u00e9, de carbone et d&rsquo;eau dans les tourbi\u00e8res du bassin du Congo gr\u00e2ce \u00e0 une prise de d\u00e9cision et une bonne gouvernance&nbsp;\u00bb.<\/em><\/strong><\/p>\n\n\n\n<p><img decoding=\"async\" alt=\"\" src=\"https:\/\/www.adiac-congo.com\/sites\/default\/files\/img_20250313_095227_296_fileminimizer.jpg\">Financ\u00e9 par le gouvernement allemand \u00e0 travers l&rsquo;initiative internationale pour le climat, l&rsquo;atelier visait&nbsp;\u00e0 soutenir les gouvernements de la R\u00e9publique d\u00e9mocratique du Congo (RDC) et de la R\u00e9publique du Congo (RC) dans les efforts \u00e0 conserver et \u00e0 g\u00e9rer durablement les tourbi\u00e8res, tout en contribuant au d\u00e9veloppement de la biodiversit\u00e9.<\/p>\n\n\n\n<p>La rencontre a r\u00e9uni des repr\u00e9sentants des organisations nationales et internationales, des autorit\u00e9s publiques, des experts techniques, des partenaires techniques et financiers, des acteurs de la soci\u00e9t\u00e9 civile qui vont examiner les grandes lignes du projet et exposer la strat\u00e9gie de la mise en \u0153uvre pour les prochaines ann\u00e9es.<\/p>\n\n\n\n<p>Ce projet comprend le renforcement de l&rsquo;environnement, le soutien aux moyens de substance&nbsp;locaux et le renforcement des preuves scientifiques dans l&rsquo;\u00e9laboration des politiques li\u00e9es \u00e0 la gestion des tourbi\u00e8res, notamment la biodiversit\u00e9, le climat, l&rsquo;hydrologie ainsi que la cartographie des tourbi\u00e8res.<\/p>\n\n\n\n<p>L&rsquo;atelier a marqu\u00e9 le d\u00e9but d&rsquo;une s\u00e9rie strat\u00e9gique visant \u00e0 renforcer la prise de d\u00e9cision \u00e9clair\u00e9e et la bonne gouvernance en mati\u00e8re de gestion des tourbi\u00e8res, \u00e9cosyst\u00e8mes essentiels jouant un r\u00f4le cl\u00e9 dans la lutte contre le changement climatique et la pr\u00e9servation de la biodiversit\u00e9.<\/p>\n\n\n\n<p><em>\u00ab&nbsp;La gestion des tourbi\u00e8res comme \u00e9tant un aspect fondamental de la lutte contre le changement climatique, de la protection de la plan\u00e8te, devient une r\u00e9alit\u00e9. C&rsquo;est gr\u00e2ce \u00e0 ces ressources que nous travaillons de plus en plus pour emmener les pays du bassin du Congo \u00e0&nbsp;cr\u00e9er&nbsp;le fondement et d\u00e9velopper les strat\u00e9gies pour que les tourbi\u00e8res soient mises dans les strat\u00e9gies, les d\u00e9cisions et les politiques publiques&nbsp;\u00bb<\/em>, a d\u00e9clar\u00e9 George Neba Akwah, chef du programme de l&rsquo;environnement des Nations unies.<\/p>\n\n\n\n<p>Le projet est structur\u00e9 en cinq axes, notamment&nbsp;l&rsquo;environnement favorable, la biodiversit\u00e9 et l&rsquo;habitat, l&rsquo;eau et le climat, les tourbi\u00e8res et les \u00e9cosyst\u00e8mes, le renforcement des capacit\u00e9s et gestion des connaissances. L&rsquo;initiative est soutenue par le Pnue et b\u00e9n\u00e9ficie du financement du gouvernement allemand \u00e0 travers l&rsquo;Initiative internationale pour le climat.<\/p>\n\n\n\n<p><img decoding=\"async\" alt=\"\" src=\"https:\/\/www.adiac-congo.com\/sites\/default\/files\/img_20250313_102323_083_fileminimizer.jpg\"><strong>L&rsquo;Allemagne engag\u00e9e dans la pr\u00e9servation des \u00e9cosyst\u00e8mes critiques<\/strong><\/p>\n\n\n\n<p>Cette contribution t\u00e9moigne l&rsquo;engagement de l&rsquo;Allemagne dans la pr\u00e9servation des \u00e9cosyst\u00e8mes critiques \u00e0 l&rsquo;\u00e9chelle mondiale. <em>\u00ab&nbsp;Nous sommes r\u00e9unis aujourd&rsquo;hui pour parler d&rsquo;un aspect fondamental des tourbi\u00e8res, \u00e0 savoir la science et la connaissance, qui est un aspect cher&nbsp;de la ministre Arlette Soudan-Nonault, que nous voulons travailler sur des choses que nous n&rsquo;avons aucune connaissance. La composante 3 qui&nbsp;est l&rsquo;eau et le climat est l&rsquo;objectif principal \u00e0&nbsp;d\u00e9velopper et mettre \u00e0 la disposition des institutions publiques des deux pays, la RDC et la RC, un syst\u00e8me d&rsquo;appui \u00e0 la d\u00e9cision id\u00e9ologique&nbsp;\u00bb,<\/em> a-t-il insist\u00e9.<\/p>\n\n\n\n<p>L&rsquo;axe de travail eau et climat repose sur trois piliers dont le premier est la collecte et la production de preuves scientifiques, qu&rsquo;elles proviennent de donn\u00e9es, d&rsquo;informations et de connaissances d\u00e9j\u00e0 existantes. Et, le second pilier implique le d\u00e9veloppement d&rsquo;outils et de plans qui facilitent l&rsquo;acc\u00e8s ainsi que l&rsquo;utilisation des preuves scientifiques pour l&rsquo;\u00e9laboration des politiques et la prise de d\u00e9cision. Cela comprend un syst\u00e8me d&rsquo;aide \u00e0 la d\u00e9cision hydrologique.<\/p>\n\n\n\n<p>L&rsquo;atelier s&rsquo;est d\u00e9roul\u00e9 en pr\u00e9sence de plusieurs personnalit\u00e9s de haut rang, notamment l&rsquo;ambassadeur de la R\u00e9publique f\u00e9d\u00e9rale d&rsquo;Allemagne, Wolfgang Klapper, qui a r\u00e9affirm\u00e9 dans son speech l&rsquo;importance de la coop\u00e9ration internationale pour la protection durable des ressources naturelles du bassin du Congo. <em>\u00ab&nbsp;Ce que j&rsquo;ajoute est qu&rsquo;on a eu la r\u00e9union de travail avec la ministre et des repr\u00e9sentants. Nous avons visit\u00e9 les parcs nationaux, r\u00e9serves naturels &nbsp;&#8230;..&nbsp;\u00bb,<\/em> a indiqu\u00e9 Wolfgang Klapper.<\/p>\n\n\n\n<p>Par ailleurs, l&rsquo;atelier marque aussi l&rsquo;ex\u00e9cution des activit\u00e9s de l&rsquo;axe 3 dudit projet, focalis\u00e9 sur l&rsquo;eau et le climat, dans les efforts continus des gouvernements congolais pour renforcer la r\u00e9silience \u00e9cologique des pays et promouvoir un d\u00e9veloppement durable en harmonie avec les objectifs mondiaux en mati\u00e8re de climat et d&rsquo;environnement. En prenant la parole, la directrice d\u00e9partementale qui a repr\u00e9sent\u00e9 la ministre Arlette Soudan-Nonault emp\u00each\u00e9e a salu\u00e9 l&rsquo;excellente coop\u00e9ration entre le&nbsp;Congo et l&rsquo;Allemagne ainsi que la collaboration fructueuse entre le gouvernement congolais et les agences de mise en \u0153uvre de ce projet, pr\u00e9cis\u00e9ment &nbsp;le Pnue&nbsp;et l&rsquo;Organisation des Nations unies pour l\u2019alimentation et l\u2019agriculture.<\/p>\n\n\n\n<p><em>\u00ab&nbsp;La question de la pr\u00e9servation des \u00e9cosyst\u00e8mes et de la biodiversit\u00e9 reste cruciale, car la survie de l&rsquo;humanit\u00e9 en d\u00e9pend. Le paysage du lac T\u00e9l\u00e9 &#8211; lac Tumba va de la cuvette centrale, dans la partie septentrionale de la RC,&nbsp;\u00e0 la province de l&rsquo;Equateur en RDC, couvrant une superficie de 156 400 km<sup>2<\/sup> dont 54 001 km<sup>2<\/sup> en RC. Ce paysage constitue en lui seul un \u00e9cosyst\u00e8me crucial pour la r\u00e9gion, aussi pour toute la sous-r\u00e9gion du Bassin du Congo&nbsp;\u00bb,<\/em> a notifi\u00e9 Olga Ossombi, directrice d\u00e9partementale en sa qualit\u00e9 de repr\u00e9sentante de la ministre de l&rsquo;Environnement,&nbsp;du D\u00e9veloppement durable et du Bassin du Congo.<\/p>\n\n\n\n<p><em>\u00ab&nbsp;Le projet \u00a0\u00bb S\u00e9curiser les r\u00e9serves cruciales de biodiversit\u00e9, de carbone et d&rsquo;eau dans les tourbi\u00e8res du bassin du Congo gr\u00e2ce \u00e0 une prise de d\u00e9cision \u00e9clair\u00e9e et une bonne gouvernance\u00a0\u00bb, financ\u00e9 par l&rsquo;initiative internationale pour le climat, sous l&rsquo;\u00e9gide du gouvernement allemand, vise \u00e0 soutenir les gouvernements de la&nbsp;RC et de la RDC, et les parties prenantes pour att\u00e9nuer les impacts climatiques et de d\u00e9veloppement sur la biodiversit\u00e9, les ressources en eau et en carbone&nbsp;\u00bb,<\/em> a-t-elle conclu.<\/p>\n\n\n\n<p>L\u2019atelier a permis d&rsquo;identifier les d\u00e9fis et les opportunit\u00e9s li\u00e9s \u00e0 la gestion des tourbi\u00e8res et de poser les bases d&rsquo;une collaboration renforc\u00e9e entre les partenaires techniques et financiers, ainsi que les communaut\u00e9s locales. Ce dynamisme des deux Congo repr\u00e9sente une avanc\u00e9e significative dans la lutte contre le changement climatique et la pr\u00e9servation des richesses naturelles du bassin du Congo, consid\u00e9r\u00e9 comme l&rsquo;un des poumons verts de la plan\u00e8te.<\/p>\n\n\n\n<p>Fortun\u00e9 Ibara<\/p>\n\n\n\n<h2 class=\"wp-block-heading\">L\u00e9gendes et cr\u00e9dits photo :&nbsp;<\/h2>\n\n\n\n<p>1-Les officiels \u00e0 l&rsquo;ouverture des travaux\/Adiac 2-Les participants aux travaux de l&rsquo;atelier\/Adiac<\/p>\n","protected":false},"excerpt":{"rendered":"<p>Environnement : une r\u00e9flexion collective sur la gestion des d\u00e9chets solides \u00e0 Brazzaville et \u00e0 Pointe-Noire! Vendredi 21 Mars 2025 &#8211; 12:45 La pr\u00e9sidente du Conseil \u00e9conomique, social&nbsp;et environnemental (CESE), \u00c9milienne Raoul, a pr\u00e9sid\u00e9, le 20 mars \u00e0 Brazzaville, la c\u00e9r\u00e9monie de&nbsp;lancement des travaux de la rencontre citoyenne sur&nbsp;le th\u00e8me&nbsp;\u00ab&nbsp;Quelles strat\u00e9gies durables \u00e0 mettre en [&hellip;]<\/p>\n","protected":false},"author":1,"featured_media":0,"comment_status":"open","ping_status":"open","sticky":false,"template":"","format":"standard","meta":{"saved_in_kubio":false,"footnotes":""},"categories":[1],"tags":[],"class_list":["post-1","post","type-post","status-publish","format-standard","hentry","category-non-classe"],"_links":{"self":[{"href":"http:\/\/www.ciecongo.com\/index.php\/wp-json\/wp\/v2\/posts\/1","targetHints":{"allow":["GET"]}}],"collection":[{"href":"http:\/\/www.ciecongo.com\/index.php\/wp-json\/wp\/v2\/posts"}],"about":[{"href":"http:\/\/www.ciecongo.com\/index.php\/wp-json\/wp\/v2\/types\/post"}],"author":[{"embeddable":true,"href":"http:\/\/www.ciecongo.com\/index.php\/wp-json\/wp\/v2\/users\/1"}],"replies":[{"embeddable":true,"href":"http:\/\/www.ciecongo.com\/index.php\/wp-json\/wp\/v2\/comments?post=1"}],"version-history":[{"count":2,"href":"http:\/\/www.ciecongo.com\/index.php\/wp-json\/wp\/v2\/posts\/1\/revisions"}],"predecessor-version":[{"id":325,"href":"http:\/\/www.ciecongo.com\/index.php\/wp-json\/wp\/v2\/posts\/1\/revisions\/325"}],"wp:attachment":[{"href":"http:\/\/www.ciecongo.com\/index.php\/wp-json\/wp\/v2\/media?parent=1"}],"wp:term":[{"taxonomy":"category","embeddable":true,"href":"http:\/\/www.ciecongo.com\/index.php\/wp-json\/wp\/v2\/categories?post=1"},{"taxonomy":"post_tag","embeddable":true,"href":"http:\/\/www.ciecongo.com\/index.php\/wp-json\/wp\/v2\/tags?post=1"}],"curies":[{"name":"wp","href":"https:\/\/api.w.org\/{rel}","templated":true}]}}